{"id":32189,"date":"2024-03-26T18:03:23","date_gmt":"2024-03-26T18:03:23","guid":{"rendered":"https:\/\/citadel.bf\/?p=32189"},"modified":"2024-03-28T18:04:12","modified_gmt":"2024-03-28T18:04:12","slug":"convergence-et-conflits-lintelligence-artificielle-et-la-cyber-securite-dans-un-monde-connecte","status":"publish","type":"post","link":"https:\/\/citadel.bf\/index.php\/convergence-et-conflits-lintelligence-artificielle-et-la-cyber-securite-dans-un-monde-connecte\/","title":{"rendered":"Convergence et Conflits : L\u2019Intelligence Artificielle et la Cyber s\u00e9curit\u00e9 dans un Monde Connect\u00e9"},"content":{"rendered":"\n<figure class=\"wp-block-image size-large\"><img data-recalc-dims=\"1\" fetchpriority=\"high\" decoding=\"async\" width=\"980\" height=\"1006\" src=\"https:\/\/i0.wp.com\/citadel.bf\/wp-content\/uploads\/2024\/03\/Conference-flyer1.jpg?resize=980%2C1006&#038;ssl=1\" alt=\"\" class=\"wp-image-32191\" srcset=\"https:\/\/i0.wp.com\/citadel.bf\/wp-content\/uploads\/2024\/03\/Conference-flyer1-scaled.jpg?resize=998%2C1024&amp;ssl=1 998w, https:\/\/i0.wp.com\/citadel.bf\/wp-content\/uploads\/2024\/03\/Conference-flyer1-scaled.jpg?resize=292%2C300&amp;ssl=1 292w, https:\/\/i0.wp.com\/citadel.bf\/wp-content\/uploads\/2024\/03\/Conference-flyer1-scaled.jpg?resize=768%2C788&amp;ssl=1 768w, https:\/\/i0.wp.com\/citadel.bf\/wp-content\/uploads\/2024\/03\/Conference-flyer1-scaled.jpg?resize=1497%2C1536&amp;ssl=1 1497w, https:\/\/i0.wp.com\/citadel.bf\/wp-content\/uploads\/2024\/03\/Conference-flyer1-scaled.jpg?resize=1997%2C2048&amp;ssl=1 1997w, https:\/\/i0.wp.com\/citadel.bf\/wp-content\/uploads\/2024\/03\/Conference-flyer1-scaled.jpg?resize=24%2C24&amp;ssl=1 24w, https:\/\/i0.wp.com\/citadel.bf\/wp-content\/uploads\/2024\/03\/Conference-flyer1-scaled.jpg?resize=36%2C36&amp;ssl=1 36w, https:\/\/i0.wp.com\/citadel.bf\/wp-content\/uploads\/2024\/03\/Conference-flyer1-scaled.jpg?resize=48%2C48&amp;ssl=1 48w, https:\/\/i0.wp.com\/citadel.bf\/wp-content\/uploads\/2024\/03\/Conference-flyer1-scaled.jpg?resize=50%2C50&amp;ssl=1 50w\" sizes=\"(max-width: 980px) 100vw, 980px\" \/><\/figure>\n\n\n\n<div style=\"height:42px\" aria-hidden=\"true\" class=\"wp-block-spacer\"><\/div>\n\n\n\n<p>Le Burkina Faso, un pays en pleine croissance sur la sc\u00e8ne technologique, fait face \u00e0 des d\u00e9fis croissants en mati\u00e8re de s\u00e9curit\u00e9 num\u00e9rique et d&#8217;utilisation responsable de l&#8217;Intelligence Artificielle (IA). Avec l&#8217;influence croissante des r\u00e9seaux sociaux tels que WhatsApp, Facebook, TikTok et Instagram dans la vie quotidienne des \u00e9tudiants, la sensibilisation aux enjeux et aux dangers potentiels est plus cruciale que jamais.<\/p>\n\n\n\n<p><img decoding=\"async\" height=\"16\" width=\"16\" alt=\"\ud83d\udce2\" src=\"https:\/\/static.xx.fbcdn.net\/images\/emoji.php\/v9\/t92\/1.5\/16\/1f4e2.png\"> Dans ce contexte, le Burkina Institute of <a><\/a>Technology (BIT), en collaboration avec le Centre Interdisciplinaire en Intelligence Artificielle pour le D\u00e9veloppement [CITADEL] et la Brigade Centrale de Lutte Contre la Cybercriminalit\u00e9 (BCLCC), organise une conf\u00e9rence incontournable le 28 mars 2024 sous le th\u00e8me : &#8220;\ud835\udc02\ud835\udc28\ud835\udc27\ud835\udc2f\ud835\udc1e\ud835\udc2b\ud835\udc20\ud835\udc1e\ud835\udc27\ud835\udc1c\ud835\udc1e \ud835\udc1e\ud835\udc2d \ud835\udc02\ud835\udc28\ud835\udc27\ud835\udc1f\ud835\udc25\ud835\udc22\ud835\udc2d\ud835\udc2c : \ud835\udc0b\u2019\ud835\udc08\ud835\udc27\ud835\udc2d\ud835\udc1e\ud835\udc25\ud835\udc25\ud835\udc22\ud835\udc20\ud835\udc1e\ud835\udc27\ud835\udc1c\ud835\udc1e \ud835\udc00\ud835\udc2b\ud835\udc2d\ud835\udc22\ud835\udc1f\ud835\udc22\ud835\udc1c\ud835\udc22\ud835\udc1e\ud835\udc25\ud835\udc25\ud835\udc1e \ud835\udc1e\ud835\udc2d \ud835\udc25\ud835\udc1a \ud835\udc02\ud835\udc32\ud835\udc1b\ud835\udc1e\ud835\udc2b \ud835\udc2c\ud835\udc1e\u0301\ud835\udc1c\ud835\udc2e\ud835\udc2b\ud835\udc22\ud835\udc2d\ud835\udc1e\u0301 \ud835\udc1d\ud835\udc1a\ud835\udc27\ud835\udc2c \ud835\udc2e\ud835\udc27 \ud835\udc0c\ud835\udc28\ud835\udc27\ud835\udc1d\ud835\udc1e \ud835\udc02\ud835\udc28\ud835\udc27\ud835\udc27\ud835\udc1e\ud835\udc1c\ud835\udc2d\ud835\udc1e\u0301&#8221;, au Burkina Institute of Technology.<\/p>\n\n\n\n<p><img decoding=\"async\" height=\"16\" width=\"16\" alt=\"\ud83c\udfaf\" src=\"https:\/\/static.xx.fbcdn.net\/images\/emoji.php\/v9\/t9\/1.5\/16\/1f3af.png\"> Cette conf\u00e9rence vise \u00e0 fournir aux \u00e9tudiants de BIT les connaissances et les outils n\u00e9cessaires pour naviguer de mani\u00e8re responsable dans un paysage num\u00e9rique en constante \u00e9volution. De plus, elle promeut une compr\u00e9hension critique des d\u00e9fis et des opportunit\u00e9s li\u00e9s \u00e0 l&#8217;IA et \u00e0 la cybers\u00e9curit\u00e9.<\/p>\n\n\n\n<p><img loading=\"lazy\" decoding=\"async\" height=\"16\" width=\"16\" alt=\"\ud83c\udf10\" src=\"https:\/\/static.xx.fbcdn.net\/images\/emoji.php\/v9\/t3\/1.5\/16\/1f310.png\"> Objectifs de la Conf\u00e9rence :<\/p>\n\n\n\n<ul class=\"wp-block-list\">\n<li>Sensibiliser les \u00e9tudiants aux implications de l\u2019IA et de la cybers\u00e9curit\u00e9 dans un monde connect\u00e9.<\/li>\n\n\n\n<li>Explorer les synergies et les tensions entre l\u2019IA et la cybers\u00e9curit\u00e9.<\/li>\n\n\n\n<li>Discuter des d\u00e9fis \u00e9thiques, sociaux et juridiques pos\u00e9s par l\u2019utilisation croissante de l\u2019IA et des r\u00e9seaux sociaux.<\/li>\n\n\n\n<li>Renforcer les comp\u00e9tences des \u00e9tudiants en mati\u00e8re de s\u00e9curit\u00e9 num\u00e9rique et de gestion des donn\u00e9es personnelles.<\/li>\n\n\n\n<li>Encourager la r\u00e9flexion critique et le dialogue constructif sur les enjeux contemporains de l&#8217;IA et de la cybers\u00e9curit\u00e9.<\/li>\n<\/ul>\n\n\n\n<p>Ne manquez pas cette opportunit\u00e9 unique de vous informer et d&#8217;\u00e9changer sur des sujets cruciaux pour notre avenir num\u00e9rique !<\/p>\n\n\n\n<p><img loading=\"lazy\" decoding=\"async\" height=\"16\" width=\"16\" alt=\"\ud83d\udca1\" src=\"https:\/\/static.xx.fbcdn.net\/images\/emoji.php\/v9\/t95\/1.5\/16\/1f4a1.png\"><img loading=\"lazy\" decoding=\"async\" height=\"16\" width=\"16\" alt=\"\ud83d\udd10\" src=\"https:\/\/static.xx.fbcdn.net\/images\/emoji.php\/v9\/t85\/1.5\/16\/1f510.png\"><a href=\"https:\/\/web.facebook.com\/hashtag\/ia?__eep__=6&amp;__cft__[0]=AZX2VCiMkB9jUOxcr2Wn07hz5Q36Es0nDLIo1YzvvMYpXZjL5j27ZlMUxM9iFjDw2w2glbtXITSAC6AmIJDyCtQk-qh3rt0xDX07mR6_JcgqdHGkx3qlaw55Ek64VocS94wWsEGdK8L9ejNk6riL6QR1&amp;__tn__=*NK-R\">#IA<\/a><a href=\"https:\/\/web.facebook.com\/hashtag\/cybers%C3%A9curit%C3%A9?__eep__=6&amp;__cft__[0]=AZX2VCiMkB9jUOxcr2Wn07hz5Q36Es0nDLIo1YzvvMYpXZjL5j27ZlMUxM9iFjDw2w2glbtXITSAC6AmIJDyCtQk-qh3rt0xDX07mR6_JcgqdHGkx3qlaw55Ek64VocS94wWsEGdK8L9ejNk6riL6QR1&amp;__tn__=*NK-R\">#Cybers\u00e9curit\u00e9<\/a><a href=\"https:\/\/web.facebook.com\/hashtag\/bit?__eep__=6&amp;__cft__[0]=AZX2VCiMkB9jUOxcr2Wn07hz5Q36Es0nDLIo1YzvvMYpXZjL5j27ZlMUxM9iFjDw2w2glbtXITSAC6AmIJDyCtQk-qh3rt0xDX07mR6_JcgqdHGkx3qlaw55Ek64VocS94wWsEGdK8L9ejNk6riL6QR1&amp;__tn__=*NK-R\">#BIT<\/a><a href=\"https:\/\/web.facebook.com\/hashtag\/citadel?__eep__=6&amp;__cft__[0]=AZX2VCiMkB9jUOxcr2Wn07hz5Q36Es0nDLIo1YzvvMYpXZjL5j27ZlMUxM9iFjDw2w2glbtXITSAC6AmIJDyCtQk-qh3rt0xDX07mR6_JcgqdHGkx3qlaw55Ek64VocS94wWsEGdK8L9ejNk6riL6QR1&amp;__tn__=*NK-R\">#CITADEL<\/a><a href=\"https:\/\/web.facebook.com\/hashtag\/bclcc?__eep__=6&amp;__cft__[0]=AZX2VCiMkB9jUOxcr2Wn07hz5Q36Es0nDLIo1YzvvMYpXZjL5j27ZlMUxM9iFjDw2w2glbtXITSAC6AmIJDyCtQk-qh3rt0xDX07mR6_JcgqdHGkx3qlaw55Ek64VocS94wWsEGdK8L9ejNk6riL6QR1&amp;__tn__=*NK-R\">#BCLCC<\/a><\/p>\n","protected":false},"excerpt":{"rendered":"<p>Le Burkina Faso, un pays en pleine croissance sur la sc\u00e8ne technologique, fait face \u00e0 des d\u00e9fis croissants en mati\u00e8re de s\u00e9curit\u00e9 num\u00e9rique et d&#8217;utilisation responsable de l&#8217;Intelligence Artificielle (IA). Avec l&#8217;influence croissante des r\u00e9seaux sociaux tels que WhatsApp, Facebook, TikTok et Instagram dans la vie quotidienne des \u00e9tudiants, la sensibilisation aux enjeux et aux&#8230;<\/p>\n","protected":false},"author":2,"featured_media":32191,"comment_status":"closed","ping_status":"closed","sticky":true,"template":"","format":"standard","meta":{"_mi_skip_tracking":false,"_monsterinsights_sitenote_active":false,"_monsterinsights_sitenote_note":"","_monsterinsights_sitenote_category":0,"_post_style":"","_post_layout":"","_cover_image":32041,"footnotes":""},"categories":[64,179,1],"tags":[],"class_list":["post-32189","post","type-post","status-publish","format-standard","has-post-thumbnail","hentry","category-actualites","category-blog","category-non-classe"],"featured_image_url":["https:\/\/i0.wp.com\/citadel.bf\/wp-content\/uploads\/2024\/03\/Conference-flyer1-scaled.jpg?fit=2496%2C2560&ssl=1",2496,2560,false],"post_content":"Le Burkina Faso, un pays en pleine croissance sur la sc\u00e8ne technologique, fait face \u00e0 des d\u00e9fis croissants en mati\u00e8re de s\u00e9curit\u00e9 num\u00e9rique et d&#8217;utilisation responsable de l&#8217;Intelligence Artificielle (IA). Avec l&#8217;influence croissante des r\u00e9seaux sociaux tels que WhatsApp, Facebook, TikTok et Instagram dans la vie quotidienne des \u00e9tudiants, la sensibilisation aux enjeux et aux dangers potentiels est plus cruciale que jamais. Dans ce contexte, le Burkina Institute of Technology (BIT), en collaboration avec le Centre Interdisciplinaire en Intelligence Artificielle pour le D\u00e9veloppement [CITADEL] et la Brigade Centrale de Lutte Contre la Cybercriminalit\u00e9 (BCLCC), organise une conf\u00e9rence incontournable le 28 mars 2024 sous le th\u00e8me : &#8220;\ud835\udc02\ud835\udc28\ud835\udc27\ud835\udc2f\ud835\udc1e\ud835\udc2b\ud835\udc20\ud835\udc1e\ud835\udc27\ud835\udc1c\ud835\udc1e \ud835\udc1e\ud835\udc2d \ud835\udc02\ud835\udc28\ud835\udc27\ud835\udc1f\ud835\udc25\ud835\udc22\ud835\udc2d\ud835\udc2c : \ud835\udc0b\u2019\ud835\udc08\ud835\udc27\ud835\udc2d\ud835\udc1e\ud835\udc25\ud835\udc25\ud835\udc22\ud835\udc20\ud835\udc1e\ud835\udc27\ud835\udc1c\ud835\udc1e \ud835\udc00\ud835\udc2b\ud835\udc2d\ud835\udc22\ud835\udc1f\ud835\udc22\ud835\udc1c\ud835\udc22\ud835\udc1e\ud835\udc25\ud835\udc25\ud835\udc1e \ud835\udc1e\ud835\udc2d \ud835\udc25\ud835\udc1a \ud835\udc02\ud835\udc32\ud835\udc1b\ud835\udc1e\ud835\udc2b \ud835\udc2c\ud835\udc1e\u0301\ud835\udc1c\ud835\udc2e\ud835\udc2b\ud835\udc22\ud835\udc2d\ud835\udc1e\u0301 \ud835\udc1d\ud835\udc1a\ud835\udc27\ud835\udc2c \ud835\udc2e\ud835\udc27 \ud835\udc0c\ud835\udc28\ud835\udc27\ud835\udc1d\ud835\udc1e \ud835\udc02\ud835\udc28\ud835\udc27\ud835\udc27\ud835\udc1e\ud835\udc1c\ud835\udc2d\ud835\udc1e\u0301&#8221;, au Burkina Institute of Technology. Cette conf\u00e9rence vise \u00e0 fournir aux \u00e9tudiants de BIT les connaissances et les outils n\u00e9cessaires pour naviguer de mani\u00e8re responsable dans un paysage num\u00e9rique en constante \u00e9volution. De plus, elle promeut une compr\u00e9hension critique des d\u00e9fis et des opportunit\u00e9s li\u00e9s \u00e0 l&#8217;IA et \u00e0 la cybers\u00e9curit\u00e9. Objectifs de la Conf\u00e9rence : Sensibiliser les \u00e9tudiants aux implications de l\u2019IA et de la cybers\u00e9curit\u00e9 dans un monde connect\u00e9. Explorer les synergies et les tensions entre l\u2019IA et la cybers\u00e9curit\u00e9. Discuter des d\u00e9fis \u00e9thiques, sociaux et juridiques pos\u00e9s par l\u2019utilisation croissante de l\u2019IA et des r\u00e9seaux sociaux. Renforcer les comp\u00e9tences des \u00e9tudiants en mati\u00e8re de s\u00e9curit\u00e9 num\u00e9rique et de gestion des donn\u00e9es personnelles. Encourager la r\u00e9flexion critique et le dialogue constructif sur les enjeux contemporains de l&#8217;IA et de la cybers\u00e9curit\u00e9. Ne manquez pas cette opportunit\u00e9 unique de vous informer et d&#8217;\u00e9changer sur des sujets cruciaux pour notre avenir num\u00e9rique ! #IA#Cybers\u00e9curit\u00e9#BIT#CITADEL#BCLCC","category":"Actualit\u00e9s, Blog, Non class\u00e9","category_link":["https:\/\/citadel.bf\/index.php\/category\/actualites\/","https:\/\/citadel.bf\/index.php\/category\/blog\/","https:\/\/citadel.bf\/index.php\/category\/non-classe\/"],"author_info":{"name":"CITADEL","url":"https:\/\/citadel.bf\/index.php\/author\/emmanuel-sagnon\/","imageUrl":"https:\/\/secure.gravatar.com\/avatar\/a27414c4ecd6418643c5aa2735dfd2d59c412b99f8c39b2d541de4c22f4383b1?s=96&d=mm&r=g"},"date_info":"mars 26, 2024","time_ago_info":"2 ans ago","aioseo_notices":[],"featured_image_urls":["https:\/\/i0.wp.com\/citadel.bf\/wp-content\/uploads\/2024\/03\/Conference-flyer1-scaled.jpg?fit=2496%2C2560&ssl=1",2496,2560,false],"post_excerpt_frontgb":"<figure class=\"wp-block-image size-large\"><img fetchpriority=\"high\" data-recalc-dims=\"1\" fetchpriority=\"high\" decoding=\"async\" width=\"980\" height=\"1006\" src=\"https:\/\/i0.wp.com\/citadel.bf\/wp-content\/uploads\/2024\/03\/Conference-flyer1.jpg?resize=980%2C1006&#038;ssl=1\" alt=\"\" class=\"wp-image-32191\" srcset=\"https:\/\/i0.wp.com\/citadel.bf\/wp-content\/uploads\/2024\/03\/Conference-flyer1-scaled.jpg?resize=998%2C1024&amp;ssl=1 998w, https:\/\/i0.wp.com\/citadel.bf\/wp-content\/uploads\/2024\/03\/Conference-flyer1-scaled.jpg?resize=292%2C300&amp;ssl=1 292w, https:\/\/i0.wp.com\/citadel.bf\/wp-content\/uploads\/2024\/03\/Conference-flyer1-scaled.jpg?resize=768%2C788&amp;ssl=1 768w, https:\/\/i0.wp.com\/citadel.bf\/wp-content\/uploads\/2024\/03\/Conference-flyer1-scaled.jpg?resize=1497%2C1536&amp;ssl=1 1497w, https:\/\/i0.wp.com\/citadel.bf\/wp-content\/uploads\/2024\/03\/Conference-flyer1-scaled.jpg?resize=1997%2C2048&amp;ssl=1 1997w, https:\/\/i0.wp.com\/citadel.bf\/wp-content\/uploads\/2024\/03\/Conference-flyer1-scaled.jpg?resize=24%2C24&amp;ssl=1 24w, https:\/\/i0.wp.com\/citadel.bf\/wp-content\/uploads\/2024\/03\/Conference-flyer1-scaled.jpg?resize=36%2C36&amp;ssl=1 36w, https:\/\/i0.wp.com\/citadel.bf\/wp-content\/uploads\/2024\/03\/Conference-flyer1-scaled.jpg?resize=48%2C48&amp;ssl=1 48w, https:\/\/i0.wp.com\/citadel.bf\/wp-content\/uploads\/2024\/03\/Conference-flyer1-scaled.jpg?resize=50%2C50&amp;ssl=1 50w\" sizes=\"(max-width: 980px) 100vw, 980px\" \/><\/figure>\n<div style=\"height:42px\" aria-hidden=\"true\" class=\"wp-block-spacer\"><\/div>\n<p>Le Burkina Faso, un pays en pleine croissance sur la sc\u00e8ne technologique, fait face \u00e0 des d\u00e9fis croissants en mati\u00e8re de s\u00e9curit\u00e9 num\u00e9rique et d&#8217;utilisation responsable de l&#8217;Intelligence Artificielle (IA). Avec l&#8217;influence croissante des r\u00e9seaux sociaux tels que WhatsApp, Facebook, TikTok et Instagram dans la vie quotidienne des \u00e9tudiants, la sensibilisation aux enjeux et aux dangers potentiels est plus cruciale que jamais.<\/p>\n<p><img decoding=\"async\" height=\"16\" width=\"16\" alt=\"\ud83d\udce2\" src=\"https:\/\/static.xx.fbcdn.net\/images\/emoji.php\/v9\/t92\/1.5\/16\/1f4e2.png\"> Dans ce contexte, le Burkina Institute of <a><\/a>Technology (BIT), en collaboration avec le Centre Interdisciplinaire en Intelligence Artificielle pour le D\u00e9veloppement [CITADEL] et la Brigade Centrale de Lutte Contre la Cybercriminalit\u00e9 (BCLCC), organise une conf\u00e9rence incontournable le 28 mars 2024 sous le th\u00e8me : &#8220;\ud835\udc02\ud835\udc28\ud835\udc27\ud835\udc2f\ud835\udc1e\ud835\udc2b\ud835\udc20\ud835\udc1e\ud835\udc27\ud835\udc1c\ud835\udc1e \ud835\udc1e\ud835\udc2d \ud835\udc02\ud835\udc28\ud835\udc27\ud835\udc1f\ud835\udc25\ud835\udc22\ud835\udc2d\ud835\udc2c : \ud835\udc0b\u2019\ud835\udc08\ud835\udc27\ud835\udc2d\ud835\udc1e\ud835\udc25\ud835\udc25\ud835\udc22\ud835\udc20\ud835\udc1e\ud835\udc27\ud835\udc1c\ud835\udc1e \ud835\udc00\ud835\udc2b\ud835\udc2d\ud835\udc22\ud835\udc1f\ud835\udc22\ud835\udc1c\ud835\udc22\ud835\udc1e\ud835\udc25\ud835\udc25\ud835\udc1e \ud835\udc1e\ud835\udc2d \ud835\udc25\ud835\udc1a \ud835\udc02\ud835\udc32\ud835\udc1b\ud835\udc1e\ud835\udc2b \ud835\udc2c\ud835\udc1e\u0301\ud835\udc1c\ud835\udc2e\ud835\udc2b\ud835\udc22\ud835\udc2d\ud835\udc1e\u0301 \ud835\udc1d\ud835\udc1a\ud835\udc27\ud835\udc2c \ud835\udc2e\ud835\udc27 \ud835\udc0c\ud835\udc28\ud835\udc27\ud835\udc1d\ud835\udc1e \ud835\udc02\ud835\udc28\ud835\udc27\ud835\udc27\ud835\udc1e\ud835\udc1c\ud835\udc2d\ud835\udc1e\u0301&#8221;, au Burkina Institute of Technology.<\/p>\n<p><img decoding=\"async\" height=\"16\" width=\"16\" alt=\"\ud83c\udfaf\" src=\"https:\/\/static.xx.fbcdn.net\/images\/emoji.php\/v9\/t9\/1.5\/16\/1f3af.png\"> Cette conf\u00e9rence vise \u00e0 fournir aux \u00e9tudiants de BIT les connaissances et les outils n\u00e9cessaires pour naviguer de mani\u00e8re responsable dans un paysage num\u00e9rique en constante \u00e9volution. De plus, elle promeut une compr\u00e9hension critique des d\u00e9fis et des opportunit\u00e9s li\u00e9s \u00e0 l&#8217;IA et \u00e0 la cybers\u00e9curit\u00e9.<\/p>\n<p><img loading=\"lazy\" loading=\"lazy\" decoding=\"async\" height=\"16\" width=\"16\" alt=\"\ud83c\udf10\" src=\"https:\/\/static.xx.fbcdn.net\/images\/emoji.php\/v9\/t3\/1.5\/16\/1f310.png\"> Objectifs de la Conf\u00e9rence :<\/p>\n<ul class=\"wp-block-list\">\n<li>Sensibiliser les \u00e9tudiants aux implications de l\u2019IA et de la cybers\u00e9curit\u00e9 dans un monde connect\u00e9.<\/li>\n<li>Explorer les synergies et les tensions entre l\u2019IA et la cybers\u00e9curit\u00e9.<\/li>\n<li>Discuter des d\u00e9fis \u00e9thiques, sociaux et juridiques pos\u00e9s par l\u2019utilisation croissante de l\u2019IA et des r\u00e9seaux sociaux.<\/li>\n<li>Renforcer les comp\u00e9tences des \u00e9tudiants en mati\u00e8re de s\u00e9curit\u00e9 num\u00e9rique et de gestion des donn\u00e9es personnelles.<\/li>\n<li>Encourager la r\u00e9flexion critique et le dialogue constructif sur les enjeux contemporains de l&#8217;IA et de la cybers\u00e9curit\u00e9.<\/li>\n<\/ul>\n<p>Ne manquez pas cette opportunit\u00e9 unique de vous informer et d&#8217;\u00e9changer sur des sujets cruciaux pour notre avenir num\u00e9rique !<\/p>\n<p><img loading=\"lazy\" loading=\"lazy\" decoding=\"async\" height=\"16\" width=\"16\" alt=\"\ud83d\udca1\" src=\"https:\/\/static.xx.fbcdn.net\/images\/emoji.php\/v9\/t95\/1.5\/16\/1f4a1.png\"><img loading=\"lazy\" loading=\"lazy\" decoding=\"async\" height=\"16\" width=\"16\" alt=\"\ud83d\udd10\" src=\"https:\/\/static.xx.fbcdn.net\/images\/emoji.php\/v9\/t85\/1.5\/16\/1f510.png\"><a href=\"https:\/\/web.facebook.com\/hashtag\/ia?__eep__=6&amp;__cft__[0]=AZX2VCiMkB9jUOxcr2Wn07hz5Q36Es0nDLIo1YzvvMYpXZjL5j27ZlMUxM9iFjDw2w2glbtXITSAC6AmIJDyCtQk-qh3rt0xDX07mR6_JcgqdHGkx3qlaw55Ek64VocS94wWsEGdK8L9ejNk6riL6QR1&amp;__tn__=*NK-R\">#IA<\/a><a href=\"https:\/\/web.facebook.com\/hashtag\/cybers%C3%A9curit%C3%A9?__eep__=6&amp;__cft__[0]=AZX2VCiMkB9jUOxcr2Wn07hz5Q36Es0nDLIo1YzvvMYpXZjL5j27ZlMUxM9iFjDw2w2glbtXITSAC6AmIJDyCtQk-qh3rt0xDX07mR6_JcgqdHGkx3qlaw55Ek64VocS94wWsEGdK8L9ejNk6riL6QR1&amp;__tn__=*NK-R\">#Cybers\u00e9curit\u00e9<\/a><a href=\"https:\/\/web.facebook.com\/hashtag\/bit?__eep__=6&amp;__cft__[0]=AZX2VCiMkB9jUOxcr2Wn07hz5Q36Es0nDLIo1YzvvMYpXZjL5j27ZlMUxM9iFjDw2w2glbtXITSAC6AmIJDyCtQk-qh3rt0xDX07mR6_JcgqdHGkx3qlaw55Ek64VocS94wWsEGdK8L9ejNk6riL6QR1&amp;__tn__=*NK-R\">#BIT<\/a><a href=\"https:\/\/web.facebook.com\/hashtag\/citadel?__eep__=6&amp;__cft__[0]=AZX2VCiMkB9jUOxcr2Wn07hz5Q36Es0nDLIo1YzvvMYpXZjL5j27ZlMUxM9iFjDw2w2glbtXITSAC6AmIJDyCtQk-qh3rt0xDX07mR6_JcgqdHGkx3qlaw55Ek64VocS94wWsEGdK8L9ejNk6riL6QR1&amp;__tn__=*NK-R\">#CITADEL<\/a><a href=\"https:\/\/web.facebook.com\/hashtag\/bclcc?__eep__=6&amp;__cft__[0]=AZX2VCiMkB9jUOxcr2Wn07hz5Q36Es0nDLIo1YzvvMYpXZjL5j27ZlMUxM9iFjDw2w2glbtXITSAC6AmIJDyCtQk-qh3rt0xDX07mR6_JcgqdHGkx3qlaw55Ek64VocS94wWsEGdK8L9ejNk6riL6QR1&amp;__tn__=*NK-R\">#BCLCC<\/a><\/p>\n","category_list":"<a href=\"https:\/\/citadel.bf\/index.php\/category\/actualites\/\" rel=\"category tag\">Actualit\u00e9s<\/a>, <a href=\"https:\/\/citadel.bf\/index.php\/category\/blog\/\" rel=\"category tag\">Blog<\/a>, <a href=\"https:\/\/citadel.bf\/index.php\/category\/non-classe\/\" rel=\"category tag\">Non class\u00e9<\/a>","comments_num":"0 comments","jetpack_featured_media_url":"https:\/\/i0.wp.com\/citadel.bf\/wp-content\/uploads\/2024\/03\/Conference-flyer1-scaled.jpg?fit=2496%2C2560&ssl=1","jetpack-related-posts":[],"_links":{"self":[{"href":"https:\/\/citadel.bf\/index.php\/wp-json\/wp\/v2\/posts\/32189","targetHints":{"allow":["GET"]}}],"collection":[{"href":"https:\/\/citadel.bf\/index.php\/wp-json\/wp\/v2\/posts"}],"about":[{"href":"https:\/\/citadel.bf\/index.php\/wp-json\/wp\/v2\/types\/post"}],"author":[{"embeddable":true,"href":"https:\/\/citadel.bf\/index.php\/wp-json\/wp\/v2\/users\/2"}],"replies":[{"embeddable":true,"href":"https:\/\/citadel.bf\/index.php\/wp-json\/wp\/v2\/comments?post=32189"}],"version-history":[{"count":1,"href":"https:\/\/citadel.bf\/index.php\/wp-json\/wp\/v2\/posts\/32189\/revisions"}],"predecessor-version":[{"id":32192,"href":"https:\/\/citadel.bf\/index.php\/wp-json\/wp\/v2\/posts\/32189\/revisions\/32192"}],"wp:featuredmedia":[{"embeddable":true,"href":"https:\/\/citadel.bf\/index.php\/wp-json\/wp\/v2\/media\/32191"}],"wp:attachment":[{"href":"https:\/\/citadel.bf\/index.php\/wp-json\/wp\/v2\/media?parent=32189"}],"wp:term":[{"taxonomy":"category","embeddable":true,"href":"https:\/\/citadel.bf\/index.php\/wp-json\/wp\/v2\/categories?post=32189"},{"taxonomy":"post_tag","embeddable":true,"href":"https:\/\/citadel.bf\/index.php\/wp-json\/wp\/v2\/tags?post=32189"}],"curies":[{"name":"wp","href":"https:\/\/api.w.org\/{rel}","templated":true}]}}